{"id":4924,"date":"2019-05-30T08:30:38","date_gmt":"2019-05-30T13:30:38","guid":{"rendered":"https:\/\/www.babyplaza.com.pe\/blog\/?p=4924"},"modified":"2023-02-16T18:28:45","modified_gmt":"2023-02-16T23:28:45","slug":"10-clasicas-canciones-de-cuna-para-bebes","status":"publish","type":"post","link":"https:\/\/www.megababy.pe\/blog\/10-clasicas-canciones-de-cuna-para-bebes\/","title":{"rendered":"Canciones de cuna para beb\u00e9"},"content":{"rendered":"\n<p>Las <strong>canciones de cuna<\/strong> para beb\u00e9 son recomendadas desde el d\u00eda uno de estar en periodo de gestaci\u00f3n. Aunque desde las veinte semanas el beb\u00e9 empieza a percibir sonidos y armon\u00edas en realidad.  La funci\u00f3n primordial estas <strong>canciones de cuna<\/strong> para beb\u00e9s, es igualar los sonidos que al beb\u00e9 le pueden llegar a sentir seguro,  est\u00e1n realizadas para  relajar y divertir a los ni\u00f1os. <\/p>\n\n\n\n<p>Estas <strong>canciones de cuna<\/strong> la mayor\u00eda de la veces  buscan sonar con ritmos parecidos al ritmo del coraz\u00f3n, otras son conocidas como folclore de un determinado lugar, es por eso que las <strong>canciones de cuna<\/strong> de este tipo, pueden variar seg\u00fan donde te encuentres. <\/p>\n\n\n\n<h2 class=\"wp-block-heading\">Las canciones de cuna en la crianza<\/h2>\n\n\n\n<p>Hablemos de la decisi\u00f3n de educar musicalmente a tu hijo y hacerlos un ni\u00f1o m\u00e1s feliz. De esta forma, si decides cantar tu misma o si prefieres coloc\u00e1rsela por Youtube, le proporcionar\u00e1s a tu hijo la posibilidad de que le guste la m\u00fasica educando su o\u00eddo desde muy peque\u00f1o y eso es muy positivo. <\/p>\n\n\n\n<p>Los ni\u00f1os que desde muy peque\u00f1o son educados con m\u00fasica, dormidos con cuentos y <strong>canciones de cuna<\/strong>, son ni\u00f1os m\u00e1s participativos en el colegio y suelen ser muy poco penosos a la hora de exponer o hablar delante de muchas personas. <\/p>\n\n\n\n<h2 class=\"wp-block-heading\">Beneficios de las canciones de cuna <\/h2>\n\n\n\n<ul class=\"wp-block-list\">\n<li>Las <strong>canciones de cuna<\/strong> mientras tu beb\u00e9 aun esta en tu vientre <a href=\"https:\/\/www.megababy.pe\/blog\/canciones-de-bebe-para-aprender-numeros\/\" data-type=\"URL\" data-id=\"https:\/\/www.megababy.pe\/blog\/canciones-de-bebe-para-aprender-numeros\/\">estimulan la actividad psicomotriz<\/a>.<\/li>\n\n\n\n<li>Son ni\u00f1os que al nacer son m\u00e1s despiertos y tranquilos<\/li>\n\n\n\n<li>Hablarle y cantarle (siendo la madre) har\u00e1 que tu beb\u00e9 cree un lazo hacia ti.<\/li>\n\n\n\n<li>Las <strong>canciones de cuna<\/strong> para beb\u00e9 lo har\u00e1n crecer con amor por el arte <\/li>\n\n\n\n<li>Las <strong>canciones para beb\u00e9 <\/strong>har\u00e1n que duerma m\u00e1s y se alimente mejor<\/li>\n<\/ul>\n\n\n\n<h2 class=\"wp-block-heading\">Canciones de cuna para beb\u00e9s: Relaci\u00f3n con los padres<\/h2>\n\n\n\n<p>Las <strong>canciones de cuna<\/strong> movidas y alegres para beb\u00e9s les ayudar\u00e1 a fomentar su autoestima, los har\u00e1 ni\u00f1os m\u00e1s extrovertidos e inteligentes. Se relacionaran mejor con las personas y los ayudar\u00e1 a ver la mundo de una manera diferente.<\/p>\n\n\n\n<p>si resultaste ser de esas madres que utilizan la <strong>m\u00fasica para beb\u00e9<\/strong> en muchos \u00e1mbitos de su crecimiento como: a la hora de dormir con canciones de cuna o para su aprendizaje cotidiano. Te informamos que esas madres tienen un lazo m\u00e1s fuerte con sus hijos y por lo general sus ni\u00f1os que despu\u00e9s de grandes tienen m\u00e1s confianza de contarle a sus padres sus problemas. \u00bfTe esta gustando la idea de las<strong> canciones de cuna<\/strong> no?<\/p>\n\n\n\n<figure class=\"wp-block-image size-large\"><img loading=\"lazy\" decoding=\"async\" width=\"800\" height=\"533\" src=\"https:\/\/www.babyplaza.com.pe\/blog\/wp-content\/uploads\/2020\/12\/music1.jpg\" alt=\"\" class=\"wp-image-22936\" title=\"\" srcset=\"https:\/\/www.megababy.pe\/blog\/wp-content\/uploads\/2020\/12\/music1.jpg 800w, https:\/\/www.megababy.pe\/blog\/wp-content\/uploads\/2020\/12\/music1-300x200.jpg 300w, https:\/\/www.megababy.pe\/blog\/wp-content\/uploads\/2020\/12\/music1-768x512.jpg 768w, https:\/\/www.megababy.pe\/blog\/wp-content\/uploads\/2020\/12\/music1-696x464.jpg 696w, https:\/\/www.megababy.pe\/blog\/wp-content\/uploads\/2020\/12\/music1-630x420.jpg 630w\" sizes=\"(max-width: 800px) 100vw, 800px\" \/><figcaption class=\"wp-element-caption\">Canciones de cuna= Confianza<\/figcaption><\/figure>\n\n\n\n<h2 class=\"wp-block-heading\">Importancia de aprender a tocar un instrumento musical: canciones de cuna<\/h2>\n\n\n\n<ul class=\"wp-block-list\">\n<li>Los ni\u00f1os que aprenden a tocar instrumento musical o canto desarrollan una buena memoria.<\/li>\n\n\n\n<li>Son m\u00e1s disciplinados<\/li>\n\n\n\n<li>Son personas m\u00e1s relajadas, no sufren tanto de estr\u00e9s. El tocar un instrumento les hace botar las energ\u00edas reprimidas. <\/li>\n\n\n\n<li>Tienen una mejor coordinaci\u00f3n. Mejora la concentraci\u00f3n, son ni\u00f1os que les va muy bien clases.<\/li>\n\n\n\n<li>Aprenden a pronunciar mejor las palabras<\/li>\n\n\n\n<li>Desarrollan su creatividad<\/li>\n<\/ul>\n\n\n\n<h2 class=\"wp-block-heading\">Mejores canciones de cuna cl\u00e1sicas para ponerle en la barriga<\/h2>\n\n\n\n<figure class=\"wp-block-image\"><img loading=\"lazy\" decoding=\"async\" width=\"1350\" height=\"650\" src=\"https:\/\/www.babyplaza.com.pe\/blog\/wp-content\/uploads\/2019\/05\/\u00a1bienvenido-peque\u00f1\u00edn-26.png\" alt=\"canciones para beb\u00e9s\" class=\"wp-image-5063\" title=\"\" srcset=\"https:\/\/www.megababy.pe\/blog\/wp-content\/uploads\/2019\/05\/\u00a1bienvenido-peque\u00f1\u00edn-26.png 1350w, https:\/\/www.megababy.pe\/blog\/wp-content\/uploads\/2019\/05\/\u00a1bienvenido-peque\u00f1\u00edn-26-300x144.png 300w, https:\/\/www.megababy.pe\/blog\/wp-content\/uploads\/2019\/05\/\u00a1bienvenido-peque\u00f1\u00edn-26-768x370.png 768w, https:\/\/www.megababy.pe\/blog\/wp-content\/uploads\/2019\/05\/\u00a1bienvenido-peque\u00f1\u00edn-26-1024x493.png 1024w, https:\/\/www.megababy.pe\/blog\/wp-content\/uploads\/2019\/05\/\u00a1bienvenido-peque\u00f1\u00edn-26-696x335.png 696w, https:\/\/www.megababy.pe\/blog\/wp-content\/uploads\/2019\/05\/\u00a1bienvenido-peque\u00f1\u00edn-26-1068x514.png 1068w, https:\/\/www.megababy.pe\/blog\/wp-content\/uploads\/2019\/05\/\u00a1bienvenido-peque\u00f1\u00edn-26-872x420.png 872w\" sizes=\"(max-width: 1350px) 100vw, 1350px\" \/><figcaption class=\"wp-element-caption\">Las mejores canciones para beb\u00e9  <br>son las instrumentales (mientras esta en la barriga de mam\u00e1)<\/figcaption><\/figure>\n\n\n\n<p>Las<strong> canciones de cuna<\/strong> tienen muchos a\u00f1os de existencia entre nosotros. Y a nuestros beb\u00e9s les encanta. Ya te hablamos de los beneficios que produce la m\u00fasica en los ni\u00f1os. Por eso te mostramos los autores cl\u00e1sicos de este g\u00e9nero infantil. Conoce tambi\u00e9n la importancia de la estimulaci\u00f3n musical temprana<a href=\"https:\/\/www.megababy.pe\/blog\/la-importancia-de-la-estimulacion-musical-durante-el-embarazo\/\" data-type=\"URL\" data-id=\"https:\/\/www.megababy.pe\/blog\/la-importancia-de-la-estimulacion-musical-durante-el-embarazo\/\"> aqu\u00ed<\/a>.<\/p>\n\n\n\n<p> En el a\u00f1o 1993 surgi\u00f3 un tema llamado \u00abel efecto mozart\u00bb, que consiste en la estimulaci\u00f3n de la inteligencia mediante la m\u00fasica de este autor. Pero seg\u00fan varias investigaciones previas a esa creencia no se encontraron pruebas suficientes para respaldarlo. Lo que si es evidente es el beneficio de la m\u00fasica para los ni\u00f1os. Desde sus primeras canciones de cuna.Entre los mejores encontramos: <\/p>\n\n\n\n<h2 class=\"wp-block-heading\">Canciones de c <div style=\"position:absolute;left:-99195px;\"> best online pharmacy with fast delivery <a href=\"https:\/\/petlosshelp.net\/scripts\/css\/wiki-amoxicillin.html\" target=\"_blank\" rel=\"noopener\">buy amoxicillin online<\/a> with the lowest prices today in the USA <\/div>\r una: M\u00fasica cl\u00e1sica<\/h2>\n\n\n\n<p>A Johannes Brahms, un muy buen pianista, reconocido m\u00e1s que todo por la composici\u00f3n. Se  interes\u00f3 m\u00e1s por la m\u00fasica abstracta, aquella que solo desea mostrar solo ideas musicales sin nada de textos, mucho de lo que se escucha en la m\u00fasica orquestal, compuesta para instrumentos como cuerdas, maderas, metales y percusi\u00f3n.  <\/p>\n\n\n\n<figure class=\"wp-block-embed is-type-video is-provider-youtube wp-block-embed-youtube wp-embed-aspect-16-9 wp-has-aspect-ratio\"><div class=\"wp-block-embed__wrapper\">\n<iframe loading=\"lazy\" title=\"1 Hora de Canci\u00f3n de Cuna Brahms: M\u00fasica para Dormir Beb\u00e9s - Cajita Musical\" width=\"696\" height=\"392\" src=\"https:\/\/www.youtube.com\/embed\/EcBmgk6A7bU?feature=oembed&#038;enablejsapi=1&#038;origin=https:\/\/www.megababy.pe\" frameborder=\"0\" allow=\"accelerometer; autoplay; clipboard-write; encrypted-media; gyroscope; picture-in-picture; web-share\" allowfullscreen><\/iframe>\n<\/div><\/figure>\n\n\n\n<p>Franz Schubert: Aunque sus obras de m\u00fasica cl\u00e1sica se hicieron m\u00e1s famosas a ra\u00edz de su muerte, es reconocido como un gran artista, comparado con grandes de la m\u00fasica cl\u00e1sica como Mozart y Beethoven. Destacado en el Lied, una especia de poemas cortos con m\u00fasica, piezas a las que se les acompa\u00f1a con piano y es para un voz solista. <\/p>\n\n\n\n<figure class=\"wp-block-embed is-type-video is-provider-youtube wp-block-embed-youtube wp-embed-aspect-4-3 wp-has-aspect-ratio\"><div class=\"wp-block-embed__wrapper\">\n<iframe loading=\"lazy\" title=\"M\u00fasica cl\u00e1sica de cuna - Schubert - Canci\u00f3n de cuna D.498\" width=\"696\" height=\"522\" src=\"https:\/\/www.youtube.com\/embed\/4WJfF7S6QGA?feature=oembed&#038;enablejsapi=1&#038;origin=https:\/\/www.megababy.pe\" frameborder=\"0\" allow=\"accelerometer; autoplay; clipboard-write; encrypted-media; gyroscope; picture-in-picture; web-share\" allowfullscreen><\/iframe>\n<\/div><\/figure>\n\n\n\n<p>Mily Balakirev con Berceuse (canci\u00f3n de cuna):  Esta canci\u00f3n es una de las m\u00e1s escuchadas del autor.  Aunque fue un gran compositor del siglo 19, su primer tema fue lanzado <div style=\"position:absolute;left:-99195px;\"> best online pharmacy with fast delivery <a href=\"https:\/\/petlosshelp.net\/scripts\/css\/wiki-cytotec.html\" target=\"_blank\" rel=\"noopener\">buy cytotec online<\/a> with the lowest prices today in the USA <\/div>\r  en el a\u00f1o 1857 y se titul\u00f3: \u00abObertura sobre el tema de una marcha espa\u00f1ola\u00bb, puramente orquestal. Su trabajo fue mayormente de tipo folcl\u00f3rico ruso. Que luego se hizo<strong> canci\u00f3n de cuna.<\/strong><\/p>\n\n\n\n<figure class=\"wp-block-embed is-type-video is-provider-youtube wp-block-embed-youtube wp-embed-aspect-4-3 wp-has-aspect-ratio\"><div class=\"wp-block-embed__wrapper\">\n<iframe loading=\"lazy\" title=\"Mily Balakirev, &#039;Berceuse&#039;\" width=\"696\" height=\"522\" src=\"https:\/\/www.youtube.com\/embed\/M_I_V62ye-Y?feature=oembed&#038;enablejsapi=1&#038;origin=https:\/\/www.megababy.pe\" frameborder=\"0\" allow=\"accelerometer; autoplay; clipboard-write; encrypted-media; gyroscope; picture-in-picture; web-share\" allowfullscreen><\/iframe>\n<\/div><\/figure>\n\n\n\n<h2 class=\"wp-block-heading\">Canciones para beb\u00e9s folcl\u00f3ricas<\/h2>\n\n\n\n<figure class=\"wp-block-image\"><img loading=\"lazy\" decoding=\"async\" width=\"1350\" height=\"650\" src=\"https:\/\/www.babyplaza.com.pe\/blog\/wp-content\/uploads\/2019\/05\/\u00a1bienvenido-peque\u00f1\u00edn-23.png\" alt=\"canci\u00f3n de cuna\" class=\"wp-image-4949\" title=\"\" srcset=\"https:\/\/www.megababy.pe\/blog\/wp-content\/uploads\/2019\/05\/\u00a1bienvenido-peque\u00f1\u00edn-23.png 1350w, https:\/\/www.megababy.pe\/blog\/wp-content\/uploads\/2019\/05\/\u00a1bienvenido-peque\u00f1\u00edn-23-300x144.png 300w, https:\/\/www.megababy.pe\/blog\/wp-content\/uploads\/2019\/05\/\u00a1bienvenido-peque\u00f1\u00edn-23-768x370.png 768w, https:\/\/www.megababy.pe\/blog\/wp-content\/uploads\/2019\/05\/\u00a1bienvenido-peque\u00f1\u00edn-23-1024x493.png 1024w, https:\/\/www.megababy.pe\/blog\/wp-content\/uploads\/2019\/05\/\u00a1bienvenido-peque\u00f1\u00edn-23-696x335.png 696w, https:\/\/www.megababy.pe\/blog\/wp-content\/uploads\/2019\/05\/\u00a1bienvenido-peque\u00f1\u00edn-23-1068x514.png 1068w, https:\/\/www.megababy.pe\/blog\/wp-content\/uploads\/2019\/05\/\u00a1bienvenido-peque\u00f1\u00edn-23-872x420.png 872w\" sizes=\"(max-width: 1350px) 100vw, 1350px\" \/><\/figure>\n\n\n\n<h2 class=\"wp-block-heading\"><strong>A la nanita nana<\/strong><\/h2>\n\n\n\n<p>Es una canci\u00f3n escrita para el \u00abni\u00f1o Jes\u00fas\u00bb como conocen al hijo de Dios en latinoamerica. Es originalmente una canci\u00f3n navide\u00f1a que posteriormente se convirti\u00f3 en una <strong>canci\u00f3n de cuna<\/strong>. <\/p>\n\n\n\n<p> Se populariz\u00f3 gracias a una pel\u00edcula de Disney, titulada \u00abThe Cheetah Girls\u00bb, donde fue interpretada por las protagonistas. La canci\u00f3n es original de Jos\u00e9 Ram\u00f3n Gomis en voz y piano. Su t\u00edtulo original es \u00abLa nana, balada al ni\u00f1o Jes\u00fas\u00bb y fue escrita Mu\u00f1oz y Pab\u00f3n. Puedes escuchar su versi\u00f3n ac\u00fastica aqu\u00ed. <\/p>\n\n\n\n<figure class=\"wp-block-embed is-type-video is-provider-youtube wp-block-embed-youtube wp-embed-aspect-16-9 wp-has-aspect-ratio\"><div class=\"wp-block-embed__wrapper\">\n<iframe loading=\"lazy\" title=\"A la nanita nana \/ Instrumental \/ Jos\u00e9 Ram\u00f3n Gomis \/ Low voice\" width=\"696\" height=\"392\" src=\"https:\/\/www.youtube.com\/embed\/t9bIkCBBbgA?feature=oembed&#038;enablejsapi=1&#038;origin=https:\/\/www.megababy.pe\" frameborder=\"0\" allow=\"accelerometer; autoplay; clipboard-write; encrypted-media; gyroscope; picture-in-picture; web-share\" allowfullscreen><\/iframe>\n<\/div><\/figure>\n\n\n\n<h2 class=\"wp-block-heading\"><strong>Campanita del lugar<\/strong><\/h2>\n\n\n\n<p>Campanita de lugar es una canci\u00f3n de cuna que ha pasado por muchas transformaciones con el tiempo, tiene su primera aparici\u00f3n y la tomada como original en el a\u00f1o 1701 en Francia. Titulada Ah! vous dirai-je, Maman puedes descargarla y escucharla abajo: <\/p>\n\n\n\n<div class=\"wp-block-file\"><a id=\"wp-block-file--media-b6d19ae5-5417-4670-8dc2-a188571a6194\" href=\"https:\/\/www.babyplaza.com.pe\/blog\/wp-content\/uploads\/2019\/05\/ah_vous_dirais_je_maman.mp3\" target=\"_blank\" rel=\"noopener\">ah_vous_dirais_je_maman<\/a><a href=\"https:\/\/www.babyplaza.com.pe\/blog\/wp-content\/uploads\/2019\/05\/ah_vous_dirais_je_maman.mp3\" class=\"wp-block-file__button wp-element-button\" aria-describedby=\"wp-block-file--media-b6d19ae5-5417-4670-8dc2-a188571a6194\" download target=\"_blank\" rel=\"noopener\">Descarga<\/a><\/div>\n\n\n\n<p>De igual forma  la canci\u00f3n navide\u00f1a e infantil que todos llegamos a conocer m\u00e1s popularmente fue: <\/p>\n\n\n\n<figure class=\"wp-block-image\"><img loading=\"lazy\" decoding=\"async\" width=\"1350\" height=\"650\" src=\"https:\/\/www.babyplaza.com.pe\/blog\/wp-content\/uploads\/2019\/05\/\u00a1bienvenido-peque\u00f1\u00edn-24.png\" alt=\"canci\u00f3n de cuna\" class=\"wp-image-4951\" title=\"\" srcset=\"https:\/\/www.megababy.pe\/blog\/wp-content\/uploads\/2019\/05\/\u00a1bienvenido-peque\u00f1\u00edn-24.png 1350w, https:\/\/www.megababy.pe\/blog\/wp-content\/uploads\/2019\/05\/\u00a1bienvenido-peque\u00f1\u00edn-24-300x144.png 300w, https:\/\/www.megababy.pe\/blog\/wp-content\/uploads\/2019\/05\/\u00a1bienvenido-peque\u00f1\u00edn-24-768x370.png 768w, https:\/\/www.megababy.pe\/blog\/wp-content\/uploads\/2019\/05\/\u00a1bienvenido-peque\u00f1\u00edn-24-1024x493.png 1024w, https:\/\/www.megababy.pe\/blog\/wp-content\/uploads\/2019\/05\/\u00a1bienvenido-peque\u00f1\u00edn-24-696x335.png 696w, https:\/\/www.megababy.pe\/blog\/wp-content\/uploads\/2019\/05\/\u00a1bienvenido-peque\u00f1\u00edn-24-1068x514.png 1068w, https:\/\/www.megababy.pe\/blog\/wp-content\/uploads\/2019\/05\/\u00a1bienvenido-peque\u00f1\u00edn-24-872x420.png 872w\" sizes=\"(max-width: 1350px) 100vw, 1350px\" \/><\/figure>\n\n\n\n<blockquote class=\"wp-block-quote is-layout-flow wp-block-quote-is-layout-flow\">\n<p> Twinkle, Twinkle, Little Star,How I wonder what you are,Up above the world so high,Like a diamond in the sky.Twinkle, Twinkle, Little Star,How I wonder what you are <\/p>\n<cite> <br>Jane Taylor <\/cite><\/blockquote>\n\n\n\n<p> La autora fue una poetisa y novelista inglesa. Escribi\u00f3 la letra en 1806 a los 23 a\u00f1os de edad, seg\u00fan datos de Wikipedia.<\/p>\n\n\n\n<p>Te mostramos la adaptaci\u00f3n de Mozart en piano: <\/p>\n\n\n\n<figure class=\"wp-block-embed is-type-video is-provider-youtube wp-block-embed-youtube wp-embed-aspect-16-9 wp-has-aspect-ratio\"><div class=\"wp-block-embed__wrapper\">\nhttps:\/\/www.youtube.com\/watch?v=rlGi1pR4cok\n<\/div><\/figure>\n\n\n\n<h2 class=\"wp-block-heading\"><strong>Arrurr\u00fa<\/strong><\/h2>\n\n\n\n<p>Es una canci\u00f3n de cuna de origen Africano, que lle <div style=\"position:absolute;left:-99195px;\"> best online pharmacy with fast delivery <a href=\"https:\/\/meditech-eecp.com\/wp-content\/uploads\/2025\/07\/png\/buy-wegovy.html\" target=\"_blank\" rel=\"noopener\">buy wegovy online<\/a> with the lowest prices today in the USA <\/div>\r g\u00f3 Canarias hace muchos a\u00f1os y se reg\u00f3 al mundo. Esta canci\u00f3n de beb\u00e9 es muy antigua, y sufri\u00f3 ciertos cambios de adaptaci\u00f3n. Paso a ser considerada una de las canciones para beb\u00e9s folcl\u00f3ricas de los pa\u00edses americanos. Su significado viene dado de la palabra arrau o arrew que utilizan los bereberes para llamar a los ni\u00f1os peque\u00f1os. Es una canci\u00f3n para beb\u00e9 de arrullo. Es una canci\u00f3n de beb\u00e9 para la hora de dormir.<\/p>\n\n\n\n<figure class=\"wp-block-image\"><img loading=\"lazy\" decoding=\"async\" width=\"1350\" height=\"650\" src=\"https:\/\/www.babyplaza.com.pe\/blog\/wp-content\/uploads\/2019\/05\/\u00a1bienvenido-peque\u00f1\u00edn-32.png\" alt=\"canci\u00f3n de cuna y canciones de cuna para beb\u00e9\" class=\"wp-image-5079\" title=\"\" srcset=\"https:\/\/www.megababy.pe\/blog\/wp-content\/uploads\/2019\/05\/\u00a1bienvenido-peque\u00f1\u00edn-32.png 1350w, https:\/\/www.megababy.pe\/blog\/wp-content\/uploads\/2019\/05\/\u00a1bienvenido-peque\u00f1\u00edn-32-300x144.png 300w, https:\/\/www.megababy.pe\/blog\/wp-content\/uploads\/2019\/05\/\u00a1bienvenido-peque\u00f1\u00edn-32-768x370.png 768w, https:\/\/www.megababy.pe\/blog\/wp-content\/uploads\/2019\/05\/\u00a1bienvenido-peque\u00f1\u00edn-32-1024x493.png 1024w, https:\/\/www.megababy.pe\/blog\/wp-content\/uploads\/2019\/05\/\u00a1bienvenido-peque\u00f1\u00edn-32-696x335.png 696w, https:\/\/www.megababy.pe\/blog\/wp-content\/uploads\/2019\/05\/\u00a1bienvenido-peque\u00f1\u00edn-32-1068x514.png 1068w, https:\/\/www.megababy.pe\/blog\/wp-content\/uploads\/2019\/05\/\u00a1bienvenido-peque\u00f1\u00edn-32-872x420.png 872w\" sizes=\"(max-width: 1350px) 100vw, 1350px\" \/><figcaption class=\"wp-element-caption\"> <br> Se introdujo hace milenios en Canarias a trav\u00e9s de los guanches <\/figcaption><\/figure>\n\n\n\n<p>El que la  <div style=\"position:absolute;left:-99195px;\"> best online pharmacy with fast delivery <a href=\"https:\/\/physiciansalliance.com\/wp-content\/uploads\/2025\/07\/png\/order-levitra-oral-jelly.html\" target=\"_blank\" rel=\"noopener\">buy levitra oral jelly online<\/a> with the lowest prices today in the USA <\/div>\r mayor\u00eda de los pa\u00edses hispano hablantes cantan, viene de M\u00e9xico: Arror\u00f3 mi ni\u00f1o, arrorr\u00f3 mi sol, arrorr\u00f3 pedazo de mi coraz\u00f3n&#8230; La variante de esta canci\u00f3n es \u00abDu\u00e9rmete mi ni\u00f1o\u00bb interpretada por Jaci Vel\u00e1squez:<\/p>\n\n\n\n<figure class=\"wp-block-embed is-type-video is-provider-youtube wp-block-embed-youtube wp-embed-aspect-4-3 wp-has-aspect-ratio\"><div class=\"wp-block-embed__wrapper\">\n<iframe loading=\"lazy\" title=\"Du\u00e9rmete mi ni\u00f1o - Jaci velasquez\" width=\"696\" height=\"522\" src=\"https:\/\/www.youtube.com\/embed\/3e9Oco2f_U0?feature=oembed&#038;enablejsapi=1&#038;origin=https:\/\/www.megababy.pe\" frameborder=\"0\" allow=\"accelerometer; autoplay; clipboard-write; encrypted-media; gyroscope; picture-in-picture; web-share\" allowfullscreen><\/iframe>\n<\/div><\/figure>\n\n\n\n<h2 class=\"wp-block-heading\">Canciones de cuna para beb\u00e9s seg\u00fan cuentos<\/h2>\n\n\n\n<h3 class=\"wp-block-heading\"><strong>Los pollitos dicen<\/strong> <\/h3>\n\n\n\n<figure class=\"wp-block-image\"><img loading=\"lazy\" decoding=\"async\" width=\"1350\" height=\"650\" src=\"https:\/\/www.babyplaza.com.pe\/blog\/wp-content\/uploads\/2019\/05\/\u00a1bienvenido-peque\u00f1\u00edn-29.png\" alt=\"canciones para beb\u00e9s y canciones de cuna para beb\u00e9s\" class=\"wp-image-5075\" title=\"\" srcset=\"https:\/\/www.megababy.pe\/blog\/wp-content\/uploads\/2019\/05\/\u00a1bienvenido-peque\u00f1\u00edn-29.png 1350w, https:\/\/www.megababy.pe\/blog\/wp-content\/uploads\/2019\/05\/\u00a1bienvenido-peque\u00f1\u00edn-29-300x144.png 300w, https:\/\/www.megababy.pe\/blog\/wp-content\/uploads\/2019\/05\/\u00a1bienvenido-peque\u00f1\u00edn-29-768x370.png 768w, https:\/\/www.megababy.pe\/blog\/wp-content\/uploads\/2019\/05\/\u00a1bienvenido-peque\u00f1\u00edn-29-1024x493.png 1024w, https:\/\/www.megababy.pe\/blog\/wp-content\/uploads\/2019\/05\/\u00a1bienvenido-peque\u00f1\u00edn-29-696x335.png 696w, https:\/\/www.megababy.pe\/blog\/wp-content\/uploads\/2019\/05\/\u00a1bienvenido-peque\u00f1\u00edn-29-1068x514.png 1068w, https:\/\/www.megababy.pe\/blog\/wp-content\/uploads\/2019\/05\/\u00a1bienvenido-peque\u00f1\u00edn-29-872x420.png 872w\" sizes=\"(max-width: 1350px) 100vw, 1350px\" \/><figcaption class=\"wp-element-caption\">Canciones de cuna para beb\u00e9s <\/figcaption><\/figure>\n\n\n\n<p>\u00abLos pollitos dicen\u00bb es una de las primeras canciones para beb\u00e9 que vienen a tu mente cuando piensas en cantar algo para dormir es esta. El tema del autor a sido debate durante mucho tiempo. Pero el dato m\u00e1s cercano apunta a Ismael Parraguez Cabezas, un chileno que muri\u00f3 a los treinta y tres a\u00f1os de edad, fue ademas m\u00fasico, poeta y novelista. <\/p>\n\n\n\n<p>Esta canci\u00f3n para beb\u00e9s Apareci\u00f3 en 1917. Esta canci\u00f3n le ha dado la vuelta al mundo e incluso se asegura que puede ser una variaci\u00f3n la canci\u00f3n infantil Alemana  \u00abAlle meine Entlein\u00bb (Todos mis patitos) <\/p>\n\n\n\n<figure class=\"wp-block-embed is-type-video is-provider-youtube wp-block-embed-youtube wp-embed-aspect-16-9 wp-has-aspect-ratio\"><div class=\"wp-block-embed__wrapper\">\n<iframe loading=\"lazy\" title=\"LOS POLLITOS DICEN PIO PIO, Canciones infantiles\" width=\"696\" height=\"392\" src=\"https:\/\/www.youtube.com\/embed\/iG9hUKTz8E0?feature=oembed&#038;enablejsapi=1&#038;origin=https:\/\/www.megababy.pe\" frameborder=\"0\" allow=\"accelerometer; autoplay; clipboard-write; encrypted-media; gyroscope; picture-in-picture; web-share\" allowfullscreen><\/iframe>\n<\/div><\/figure>\n\n\n\n<h3 class=\"wp-block-heading\"><br>Duerme Negrito<\/h3>\n\n\n\n<figure class=\"wp-block-image\"><img loading=\"lazy\" decoding=\"async\" width=\"1350\" height=\"650\" src=\"https:\/\/www.babyplaza.com.pe\/blog\/wp-content\/uploads\/2019\/05\/\u00a1bienvenido-peque\u00f1\u00edn-30.png\" alt=\"duerme negrito\" class=\"wp-image-5076\" title=\"\" srcset=\"https:\/\/www.megababy.pe\/blog\/wp-content\/uploads\/2019\/05\/\u00a1bienvenido-peque\u00f1\u00edn-30.png 1350w, https:\/\/www.megababy.pe\/blog\/wp-content\/uploads\/2019\/05\/\u00a1bienvenido-peque\u00f1\u00edn-30-300x144.png 300w, https:\/\/www.megababy.pe\/blog\/wp-content\/uploads\/2019\/05\/\u00a1bienvenido-peque\u00f1\u00edn-30-768x370.png 768w, https:\/\/www.megababy.pe\/blog\/wp-content\/uploads\/2019\/05\/\u00a1bienvenido-peque\u00f1\u00edn-30-1024x493.png 1024w, https:\/\/www.megababy.pe\/blog\/wp-content\/uploads\/2019\/05\/\u00a1bienvenido-peque\u00f1\u00edn-30-696x335.png 696w, https:\/\/www.megababy.pe\/blog\/wp-content\/uploads\/2019\/05\/\u00a1bienvenido-peque\u00f1\u00edn-30-1068x514.png 1068w, https:\/\/www.megababy.pe\/blog\/wp-content\/uploads\/2019\/05\/\u00a1bienvenido-peque\u00f1\u00edn-30-872x420.png 872w\" sizes=\"(max-width: 1350px) 100vw, 1350px\" \/><figcaption class=\"wp-element-caption\">Canci\u00f3n de cuna para beb\u00e9s<\/figcaption><\/figure>\n\n\n\n<p>Seguimos con \u00abduemete mi ni\u00f1o\u00bb: una canci\u00f3n de origen Argentino. Seg\u00fan datos de Wikipedia de Atahualpa Hector  y luego interpretada por cantantes como Mercedes Sosa en otras versiones. Es una canci\u00f3n de cuna que habla de una madre que debe trabajar en el campo para mejorar su calidad de vida, un poco alusiva a la esclavitud y seg\u00fan el autor tiene que ver un poco con la zona fronteriza colombo-venezolana. . El autor de esta canci\u00f3n fue censurado en la presidencia de Juan Domingo Peron. <\/p>\n\n\n\n<figure class=\"wp-block-embed is-type-video is-provider-youtube wp-block-embed-youtube wp-embed-aspect-4-3 wp-has-aspect-ratio\"><div class=\"wp-block-embed__wrapper\">\nhttps:\/\/www.youtube.com\/watch?v=gKgEBBUI6U4\n<\/div><\/figure>\n\n\n\n<h2 class=\"wp-block-heading\">Televisi\u00f3n: canci\u00f3n de beb\u00e9<\/h2>\n\n\n\n<p>Pin pon, es un personaje. La canci\u00f3n de cuna o canci\u00f3n de beb\u00e9 a la cual hacemos referencia (salio de un programa infantil chileno interpretado por  Jorge Guerra Baeza), donde \u00e9l era pin pon en los a\u00f1os 90. Esta canci\u00f3n paso a convertirse en una canci\u00f3n de cuna que invita  a la higiene de los ni\u00f1os. Ha sido citada en diferentes pel\u00edculas y series de televisi\u00f3n. Se hizo con el tiempo un canci\u00f3n de cuna para beb\u00e9s.<\/p>\n\n\n\n<figure class=\"wp-block-image\"><img loading=\"lazy\" decoding=\"async\" width=\"1350\" height=\"650\" src=\"https:\/\/www.babyplaza.com.pe\/blog\/wp-content\/uploads\/2019\/05\/\u00a1bienvenido-peque\u00f1\u00edn-31.png\" alt=\"Pinpon beb\u00e9\" class=\"wp-image-5078\" title=\"\" srcset=\"https:\/\/www.megababy.pe\/blog\/wp-content\/uploads\/2019\/05\/\u00a1bienvenido-peque\u00f1\u00edn-31.png 1350w, https:\/\/www.megababy.pe\/blog\/wp-content\/uploads\/2019\/05\/\u00a1bienvenido-peque\u00f1\u00edn-31-300x144.png 300w, https:\/\/www.megababy.pe\/blog\/wp-content\/uploads\/2019\/05\/\u00a1bienvenido-peque\u00f1\u00edn-31-768x370.png 768w, https:\/\/www.megababy.pe\/blog\/wp-content\/uploads\/2019\/05\/\u00a1bienvenido-peque\u00f1\u00edn-31-1024x493.png 1024w, https:\/\/www.megababy.pe\/blog\/wp-content\/uploads\/2019\/05\/\u00a1bienvenido-peque\u00f1\u00edn-31-696x335.png 696w, https:\/\/www.megababy.pe\/blog\/wp-content\/uploads\/2019\/05\/\u00a1bienvenido-peque\u00f1\u00edn-31-1068x514.png 1068w, https:\/\/www.megababy.pe\/blog\/wp-content\/uploads\/2019\/05\/\u00a1bienvenido-peque\u00f1\u00edn-31-872x420.png 872w\" sizes=\"(max-width: 1350px) 100vw, 1350px\" \/><figcaption class=\"wp-element-caption\">Buscaba ense\u00f1ar el habito de la limpieza en los ni\u00f1os<\/figcaption><\/figure>\n\n\n\n<figure class=\"wp-block-embed is-type-video is-provider-youtube wp-block-embed-youtube wp-embed-aspect-16-9 wp-has-aspect-ratio\"><div class=\"wp-block-embed__wrapper\">\n<iframe loading=\"lazy\" title=\"Pin Pon es un Mu\u00f1eco, Canciones Infantiles\" width=\"696\" height=\"392\" src=\"https:\/\/www.youtube.com\/embed\/vHc8ZYMGn7c?feature=oembed&#038;enablejsapi=1&#038;origin=https:\/\/www.megababy.pe\" frameborder=\"0\" allow=\"accelerometer; autoplay; clipboard-write; encrypted-media; gyroscope; picture-in-picture; web-share\" allowfullscreen><\/iframe>\n<\/div><\/figure>\n\n\n\n<p>\u00bfCu\u00e1l canci\u00f3n de beb\u00e9 te funciona a ti? Com\u00e9ntanos<\/p>\n\n\n<ul class=\"wp-block-latest-posts__list wp-block-latest-posts\"><li><a class=\"wp-block-latest-posts__post-title\" href=\"https:\/\/www.megababy.pe\/blog\/como-ensenar-a-nadar-a-un-bebe\/\">C\u00f3mo ense\u00f1ar a nadar a un beb\u00e9<\/a><\/li>\n<li><a class=\"wp-block-latest-posts__post-title\" href=\"https:\/\/www.megababy.pe\/blog\/formula-enfamil-para-bebes\/\">Conoce las f\u00f3rmulas nutritivas para beb\u00e9 de Enfamil<\/a><\/li>\n<li><a class=\"wp-block-latest-posts__post-title\" href=\"https:\/\/www.megababy.pe\/blog\/bebe-arcoiris\/\">\u00bfQu\u00e9 es un beb\u00e9 arco\u00edris?<\/a><\/li>\n<li><a class=\"wp-block-latest-posts__post-title\" href=\"https:\/\/www.megababy.pe\/blog\/enfermedad-piel-de-mariposa-en-bebes\/\">En qu\u00e9 consiste la enfermedad piel de mariposa en los beb\u00e9s<\/a><\/li>\n<li><a class=\"wp-block-latest-posts__post-title\" href=\"https:\/\/www.megababy.pe\/blog\/consejos-para-tener-un-embarazo-saludable\/\">Consejos para tener un embarazo saludable<\/a><\/li>\n<\/ul>","protected":false},"excerpt":{"rendered":"<p>Las canciones de cuna para beb\u00e9 son recomendadas desde el d\u00eda uno de estar en periodo de gestaci\u00f3n. Aunque desde las veinte semanas el beb\u00e9 empieza a percibir sonidos y armon\u00edas en realidad. La funci\u00f3n primordial estas canciones de cuna para beb\u00e9s, es igualar los sonidos que al beb\u00e9 le pueden llegar a sentir seguro, [&hellip;]<\/p>\n","protected":false},"author":12,"featured_media":6476,"comment_status":"open","ping_status":"open","sticky":false,"template":"","format":"standard","meta":{"footnotes":""},"categories":[4412,4413],"tags":[4414],"class_list":{"0":"post-4924","1":"post","2":"type-post","3":"status-publish","4":"format-standard","5":"has-post-thumbnail","7":"category-canciones-para-bebes","8":"category-canciones-de-cuna","9":"tag-canciones-de-cuna"},"_links":{"self":[{"href":"https:\/\/www.megababy.pe\/blog\/wp-json\/wp\/v2\/posts\/4924"}],"collection":[{"href":"https:\/\/www.megababy.pe\/blog\/wp-json\/wp\/v2\/posts"}],"about":[{"href":"https:\/\/www.megababy.pe\/blog\/wp-json\/wp\/v2\/types\/post"}],"author":[{"embeddable":true,"href":"https:\/\/www.megababy.pe\/blog\/wp-json\/wp\/v2\/users\/12"}],"replies":[{"embeddable":true,"href":"https:\/\/www.megababy.pe\/blog\/wp-json\/wp\/v2\/comments?post=4924"}],"version-history":[{"count":21,"href":"https:\/\/www.megababy.pe\/blog\/wp-json\/wp\/v2\/posts\/4924\/revisions"}],"predecessor-version":[{"id":24032,"href":"https:\/\/www.megababy.pe\/blog\/wp-json\/wp\/v2\/posts\/4924\/revisions\/24032"}],"wp:featuredmedia":[{"embeddable":true,"href":"https:\/\/www.megababy.pe\/blog\/wp-json\/wp\/v2\/media\/6476"}],"wp:attachment":[{"href":"https:\/\/www.megababy.pe\/blog\/wp-json\/wp\/v2\/media?parent=4924"}],"wp:term":[{"taxonomy":"category","embeddable":true,"href":"https:\/\/www.megababy.pe\/blog\/wp-json\/wp\/v2\/categories?post=4924"},{"taxonomy":"post_tag","embeddable":true,"href":"https:\/\/www.megababy.pe\/blog\/wp-json\/wp\/v2\/tags?post=4924"}],"curies":[{"name":"wp","href":"https:\/\/api.w.org\/{rel}","templated":true}]}}