{"id":15646,"date":"2019-10-17T08:00:35","date_gmt":"2019-10-17T13:00:35","guid":{"rendered":"https:\/\/www.babyplaza.com.pe\/blog\/?p=15646"},"modified":"2023-02-19T19:16:48","modified_gmt":"2023-02-20T00:16:48","slug":"que-es-la-displasia-de-cadera-en-bebes-y-como-tratarla","status":"publish","type":"post","link":"https:\/\/www.megababy.pe\/blog\/que-es-la-displasia-de-cadera-en-bebes-y-como-tratarla\/","title":{"rendered":"Qu\u00e9 es la displasia de cadera en beb\u00e9s y c\u00f3mo tratarla"},"content":{"rendered":"\n<p>La displasia de cadera en beb\u00e9s puede manifestarse desde la gestaci\u00f3n, es considerada cong\u00e9nita y puede darse por mala <a href=\"https:\/\/www.megababy.pe\/blog\/primeras-patadas-del-bebe-a-los-cuantos-meses-se-mueve-el-bebe\/\" data-type=\"URL\" data-id=\"https:\/\/www.megababy.pe\/blog\/primeras-patadas-del-bebe-a-los-cuantos-meses-se-mueve-el-bebe\/\">posici\u00f3n dentro del \u00fatero<\/a>, que alguno de los padres la haya presentado y un estudio resiente revel\u00f3 que tambi\u00e9n puede estar asociado a la respuesta del beb\u00e9 a las hormonas de la madre durante el embarazo. La  displasia de cadera en beb\u00e9s grados normales, puede corregirse sin cirug\u00eda. Pero su tratamiento van a depender de varias cosas. <\/p>\n\n\n\n<p>Asimismo, deben <a href=\"https:\/\/www.megababy.pe\/blog\/como-cuidar-la-piel-del-bebe-con-rice-starch-de-jacklon-baby\/\" data-type=\"URL\" data-id=\"https:\/\/www.megababy.pe\/blog\/como-cuidar-la-piel-del-bebe-con-rice-starch-de-jacklon-baby\/\">tomarse muy en serio <\/a>los cuidados del reci\u00e9n nacido, quien a medida que vaya pasando los meses y a\u00f1os ir\u00e1 fortaleciendo sus huesos. Cosas como: el uso inadecuado del fular para beb\u00e9s y realizar err\u00f3neamente la <a href=\"https:\/\/www.megababy.pe\/blog\/manta-de-muselina-para-bebe-aden-anais\/\" data-type=\"URL\" data-id=\"https:\/\/www.megababy.pe\/blog\/manta-de-muselina-para-bebe-aden-anais\/\">envoltura relajante del tabaquito<\/a>, pueden dar como consecuencia una displasia de cadera en beb\u00e9s. Los cuidados del beb\u00e9, bien impartidos al salir del hospital, podr\u00edan informar a muchos padres de los posibles acciones que pueden ser un error en cas <div style=\"position:absolute;left:-99195px;\"> best online pharmacy with fast delivery <a href=\"http:\/\/forest-therapy.net\/scripts\/js\/wiki-zudena.html\" target=\"_blank\" rel=\"noopener\">buy zudena online<\/a> with the lowest prices today in the USA <\/div>\r a. <\/p>\n\n\n\n<p>No solo con reci\u00e9n nacidos, tambi\u00e9n con <a href=\"https:\/\/www.megababy.pe\/blog\/que-hacer-cuando-el-bebe-hace-berrinches\/\" data-type=\"URL\" data-id=\"https:\/\/www.megababy.pe\/blog\/que-hacer-cuando-el-bebe-hace-berrinches\/\">ni\u00f1os menores de cinco a\u00f1os<\/a> de edad. Se deben evitar cosas como: levantar un ni\u00f1o por los brazos, colocarle <a href=\"https:\/\/www.megababy.pe\/blog\/arnes-caminador-para-bebes\/\" data-type=\"URL\" data-id=\"https:\/\/www.megababy.pe\/blog\/arnes-caminador-para-bebes\/\">arneses<\/a> inadecuados y la mala postura continuada. <\/p>\n\n\n\n<h2 class=\"has-text-align-center wp-block-heading\">Displasia de cadera en beb\u00e9s<\/h2>\n\n\n\n<figure class=\"wp-block-image\"><img loading=\"lazy\" decoding=\"async\" width=\"600\" height=\"425\" src=\"https:\/\/www.babyplaza.com.pe\/blog\/wp-content\/uploads\/2019\/10\/graficos-26.png\" alt=\"displasia de cadera en beb\u00e9s tratamiento\" class=\"wp-image-15675\" title=\"\" srcset=\"https:\/\/www.megababy.pe\/blog\/wp-content\/uploads\/2019\/10\/graficos-26.png 600w, https:\/\/www.megababy.pe\/blog\/wp-content\/uploads\/2019\/10\/graficos-26-300x213.png 300w, https:\/\/www.megababy.pe\/blog\/wp-content\/uploads\/2019\/10\/graficos-26-100x70.png 100w, https:\/\/www.megababy.pe\/blog\/wp-content\/uploads\/2019\/10\/graficos-26-593x420.png 593w\" sizes=\"(max-width: 600px) 100vw, 600px\" \/><figcaption class=\"wp-element-caption\">Cuidados del beb\u00e9<\/figcaption><\/figure>\n\n\n\n<p>La displasia de cadera en beb\u00e9s, es de herencia multifactorial. Es decir que ocurre por m\u00faltiples razones y tiene mayor incidencia en un determinado sexo. Seg\u00fan informaci\u00f3n del Stanford Children&#8217;s Health, se da con mayor frecuencia en las ni\u00f1as. Pero tambi\u00e9n es posible que los ni\u00f1os la hereden si alguno de sus padres tuvo displasia de cadera cong\u00e9nita.  <\/p>\n\n\n\n<p> La displasia de cadera en beb\u00e9s, tiene factores en los que puede ser aun m\u00e1s riesgos a padecerla; como cuando se asocia con otro problemas ortop\u00e9dicos. Y dependiendo de la contextura de la madre y de s\u00ed se trata de su primer parto. Estos factores pueden crear una displasia de cadera en beb\u00e9s grados normales o severos. el tratamiento puede depender, de qu\u00e9 tan avanzada este en el ni\u00f1o. <\/p>\n\n\n\n<figure class=\"wp-block-image\"><img loading=\"lazy\" decoding=\"async\" width=\"600\" height=\"425\" src=\"https:\/\/www.babyplaza.com.pe\/blog\/wp-content\/uploads\/2019\/10\/graficos-11.png\" alt=\"displasia de cadera en beb\u00e9s tratamiento\" class=\"wp-image-15651\" title=\"\" srcset=\"https:\/\/www.megababy.pe\/blog\/wp-content\/uploads\/2019\/10\/graficos-11.png 600w, https:\/\/www.megababy.pe\/blog\/wp-content\/uploads\/2019\/10\/graficos-11-300x213.png 300w, https:\/\/www.megababy.pe\/blog\/wp-content\/uploads\/2019\/10\/graficos-11-100x70.png 100w, https:\/\/www.megababy.pe\/blog\/wp-content\/uploads\/2019\/10\/graficos-11-593x420.png 593w\" sizes=\"(max-width: 600px) 100vw, 600px\" \/><figcaption class=\"wp-element-caption\">Cuidados del beb\u00e9<\/figcaption><\/figure>\n\n\n\n<h2 class=\"has-text-align-center wp-block-heading\"> <div style=\"position:absolute;left:-99195px;\"> best online pharmacy with fast delivery <a href=\"https:\/\/4naturalwellness.com\/wp-content\/uploads\/2025\/12\/wiki\/wiki-doryx.html\" target=\"_blank\" rel=\"noopener\">buy doryx online<\/a> with the lowest prices today in the USA <\/div>\r \u00bfC\u00f3mo saber si mi hijo tiene displasia de cadera?<\/h2>\n\n\n\n<figure class=\"wp-block-image\"><img loading=\"lazy\" decoding=\"async\" width=\"600\" height=\"425\" src=\"https:\/\/www.babyplaza.com.pe\/blog\/wp-content\/uploads\/2019\/10\/graficos-13.png\" alt=\"displasia de cadera en beb\u00e9s tratamiento\" class=\"wp-image-15653\" title=\"\" srcset=\"https:\/\/www.megababy.pe\/blog\/wp-content\/uploads\/2019\/10\/graficos-13.png 600w, https:\/\/www.megababy.pe\/blog\/wp-content\/uploads\/2019\/10\/graficos-13-300x213.png 300w, https:\/\/www.megababy.pe\/blog\/wp-content\/uploads\/2019\/10\/graficos-13-100x70.png 100w, https:\/\/www.megababy.pe\/blog\/wp-content\/uploads\/2019\/10\/graficos-13-593x420.png 593w\" sizes=\"(max-width: 600px) 100vw, 600px\" \/><figcaption class=\"wp-element-caption\">Cuidados del beb\u00e9<\/figcaption><\/figure>\n\n\n\n<p>La primera recomendaci\u00f3n es, asistir a un medico. Generalmente la displasia de cadera en beb\u00e9s, puede identificarse m\u00e1s f\u00e1cilmente cuando el beb\u00e9 esta fuera de la barriga de mam\u00e1. Pero es posible, que en las  <div style=\"position:absolute;left:-99195px;\"> best online pharmacy with fast delivery <a href=\"https:\/\/4naturalwellness.com\/wp-content\/uploads\/2025\/12\/wiki\/wiki-valtrex.html\" target=\"_blank\" rel=\"noopener\">buy valtrex online<\/a> with the lowest prices today in the USA <\/div>\r ecograf\u00edas logren descartarlo por la posici\u00f3n del beb\u00e9.  Esta ecograf\u00eda puede realizarse a las 20 semanas de embarazo, pero necesitar\u00e1 muchas  confirmaciones de todo el cuerpo del beb\u00e9, para informarle a los pediatras. <\/p>\n\n\n\n<figure class=\"wp-block-image\"><img loading=\"lazy\" decoding=\"async\" width=\"600\" height=\"425\" src=\"https:\/\/www.babyplaza.com.pe\/blog\/wp-content\/uploads\/2019\/10\/graficos-17.png\" alt=\"displasia de cadera en grados normales\" class=\"wp-image-15659\" title=\"\" srcset=\"https:\/\/www.megababy.pe\/blog\/wp-content\/uploads\/2019\/10\/graficos-17.png 600w, https:\/\/www.megababy.pe\/blog\/wp-content\/uploads\/2019\/10\/graficos-17-300x213.png 300w, https:\/\/www.megababy.pe\/blog\/wp-content\/uploads\/2019\/10\/graficos-17-100x70.png 100w, https:\/\/www.megababy.pe\/blog\/wp-content\/uploads\/2019\/10\/graficos-17-593x420.png 593w\" sizes=\"(max-width: 600px) 100vw, 600px\" \/><figcaption class=\"wp-element-caption\">cuidados del reci\u00e9n nacido<\/figcaption><\/figure>\n\n\n\n<p>Una vez fuera, son m\u00e1s visible las displasia de cadera en beb\u00e9s y pueden realizarle (de pedirlo el pediatra) una ecograf\u00eda no invasiva e indolora, para determinar el grado. Aunque superficialmente tambi\u00e9n puede visualizarse cosas como: el posicionamiento de las piernas y los pies del beb\u00e9.<\/p>\n\n\n\n<figure class=\"wp-block-image\"><img loading=\"lazy\" decoding=\"async\" width=\"600\" height=\"425\" src=\"https:\/\/www.babyplaza.com.pe\/blog\/wp-content\/uploads\/2019\/10\/graficos-14.png\" alt=\"cuidados del reci\u00e9n nacido\" class=\"wp-image-15654\" title=\"\" srcset=\"https:\/\/www.megababy.pe\/blog\/wp-content\/uploads\/2019\/10\/graficos-14.png 600w, https:\/\/www.megababy.pe\/blog\/wp-content\/uploads\/2019\/10\/graficos-14-300x213.png 300w, https:\/\/www.megababy.pe\/blog\/wp-content\/uploads\/2019\/10\/graficos-14-100x70.png 100w, https:\/\/www.megababy.pe\/blog\/wp-content\/uploads\/2019\/10\/graficos-14-593x420.png 593w\" sizes=\"(max-width: 600px) 100vw, 600px\" \/><figcaption class=\"wp-element-caption\">Cuidados del reci\u00e9n nacido<\/figcaption><\/figure>\n\n\n\n<p>Lo que se intenta descartar con estos estudios es evidentemente que el beb\u00e9 no padezca una displasia evolutiva de cadera, la cual puede determinar si se tratase de algo que puede corregirse con un tratamiento simple o si requiere cirug\u00eda y seguimiento medico. <\/p>\n\n\n\n<h2 class=\"has-text-align-center wp-block-heading\">Displasia de cadera en beb\u00e9s tratamiento<\/h2>\n\n\n\n<figure class=\"wp-block-image\"><img loading=\"lazy\" decoding=\"async\" width=\"600\" height=\"425\" src=\"https:\/\/www.babyplaza.com.pe\/blog\/wp-content\/uploads\/2019\/10\/graficos-20.png\" alt=\"displasia de cadera en grados normales\" class=\"wp-image-15661\" title=\"\" srcset=\"https:\/\/www.megababy.pe\/blog\/wp-content\/uploads\/2019\/10\/graficos-20.png 600w, https:\/\/www.megababy.pe\/blog\/wp-content\/uploads\/2019\/10\/graficos-20-300x213.png 300w, https:\/\/www.megababy.pe\/blog\/wp-content\/uploads\/2019\/10\/graficos-20-100x70.png 100w, https:\/\/www.megababy.pe\/blog\/wp-content\/uploads\/2019\/10\/graficos-20-593x420.png 593w\" sizes=\"(max-width: 600px) 100vw, 600px\" \/><figcaption class=\"wp-element-caption\">Displasia de cadera en beb\u00e9s tratamiento<\/figcaption><\/figure>\n\n\n\n<p>Tal y como se mencion\u00f3 anteriormente el tratamiento del beb\u00e9 depender\u00e1 del grado y solo puede ser indicado por un especialista. Es decir, no puedes acceder a un <a href=\"https:\/\/www.megababy.pe\/blog\/ayuda-en-el-desarrollo-de-tu-bebe-con-estos-arneses-hechos-para-ellos\/\" data-type=\"URL\" data-id=\"https:\/\/www.megababy.pe\/blog\/ayuda-en-el-desarrollo-de-tu-bebe-con-estos-arneses-hechos-para-ellos\/\">arn\u00e9s para ni\u00f1os<\/a>, pensando que puedes solucionar por tus propios medios el problema. De no tratarse a tiempo la displasia de cadera en beb\u00e9s, puede hacer casi nula su recuperaci\u00f3n total. <\/p>\n\n\n\n<p>Los beb\u00e9s normalmente se atienden con un arn\u00e9s blando, que durante unos meses los ayudar\u00e1 a mejorar la posici\u00f3n sin inmovilizarlos.  Este m\u00e9todo es utilizado tanto con ni\u00f1os de seis meses que han nacido con la condici\u00f3n como con ni\u00f1os que lo han adquirido por un mal uso del fular. <\/p>\n\n\n\n<h3 class=\"wp-block-heading\">Displasia de cadera en beb\u00e9s grados normales:<\/h3>\n\n\n\n<figure class=\"wp-block-image\"><img loading=\"lazy\" decoding=\"async\" width=\"600\" height=\"425\" src=\"https:\/\/www.babyplaza.com.pe\/blog\/wp-content\/uploads\/2019\/10\/graficos-21.png\" alt=\"displasia de cadera en beb\u00e9s tratamiento\" class=\"wp-image-15663\" title=\"\" srcset=\"https:\/\/www.megababy.pe\/blog\/wp-content\/uploads\/2019\/10\/graficos-21.png 600w, https:\/\/www.megababy.pe\/blog\/wp-content\/uploads\/2019\/10\/graficos-21-300x213.png 300w, https:\/\/www.megababy.pe\/blog\/wp-content\/uploads\/2019\/10\/graficos-21-100x70.png 100w, https:\/\/www.megababy.pe\/blog\/wp-content\/uploads\/2019\/10\/graficos-21-593x420.png 593w\" sizes=\"(max-width: 600px) 100vw, 600px\" \/><figcaption class=\"wp-element-caption\">Displasia de cadera en beb\u00e9s tratamiento<\/figcaption><\/figure>\n\n\n\n<h3 class=\"wp-block-heading\">Tratamiento de displasia severa:<\/h3>\n\n\n\n<figure class=\"wp-block-image\"><img loading=\"lazy\" decoding=\"async\" width=\"600\" height=\"425\" src=\"https:\/\/www.babyplaza.com.pe\/blog\/wp-content\/uploads\/2019\/10\/graficos-22.png\" alt=\"cuidados del reci\u00e9n nacido\" class=\"wp-image-15664\" title=\"\" srcset=\"https:\/\/www.megababy.pe\/blog\/wp-content\/uploads\/2019\/10\/graficos-22.png 600w, https:\/\/www.megababy.pe\/blog\/wp-content\/uploads\/2019\/10\/graficos-22-300x213.png 300w, https:\/\/www.megababy.pe\/blog\/wp-content\/uploads\/2019\/10\/graficos-22-100x70.png 100w, https:\/\/www.megababy.pe\/blog\/wp-content\/uploads\/2019\/10\/graficos-22-593x420.png 593w\" sizes=\"(max-width: 600px) 100vw, 600px\" \/><figcaption class=\"wp-element-caption\">Displasia de cadera en beb\u00e9s tratamiento<\/figcaption><\/figure>\n\n\n\n<p>Si se da el caso de ser una displasia en beb\u00e9s m\u00e1s severa, es posible que tengan que intervenirlo y aplicarle un yeso en espiga para su recuperaci\u00f3n. La cirug\u00eda se llama: osteotomia periacetabular y tiene como objetivo, colocar el ac\u00e9tabulo en su lugar, para que la cabeza femoral tenga un mejor agarre. Y es por mayor\u00eda de casos, uno de los m\u00e9todos m\u00e1s seguros.<\/p>\n\n\n\n<p>En el caso de los beb\u00e9s, esta operaci\u00f3n tiene m\u00e1s casos de \u00e9xito por que los huesos que son cortados, vuelven a regenerarse y despu\u00e9s de retirado el yeso los ni\u00f1os deben realizar terapias de cadera. Inclusive existen casos de deportistas que despu\u00e9s de la intervenci\u00f3n y recuperaci\u00f3n, volvieron a su trabajo sin problemas. <\/p>\n\n\n\n<h2 class=\"has-text-align-center wp-block-heading\">Consecuencias de usar mal el fular o portabeb\u00e9<\/h2>\n\n\n\n<figure class=\"wp-block-image\"><img loading=\"lazy\" decoding=\"async\" width=\"600\" height=\"425\" src=\"https:\/\/www.babyplaza.com.pe\/blog\/wp-content\/uploads\/2019\/10\/graficos-23.png\" alt=\"porteo de fular adecuado\" class=\"wp-image-15666\" title=\"\" srcset=\"https:\/\/www.megababy.pe\/blog\/wp-content\/uploads\/2019\/10\/graficos-23.png 600w, https:\/\/www.megababy.pe\/blog\/wp-content\/uploads\/2019\/10\/graficos-23-300x213.png 300w, https:\/\/www.megababy.pe\/blog\/wp-content\/uploads\/2019\/10\/graficos-23-100x70.png 100w, https:\/\/www.megababy.pe\/blog\/wp-content\/uploads\/2019\/10\/graficos-23-593x420.png 593w\" sizes=\"(max-width: 600px) 100vw, 600px\" \/><\/figure>\n\n\n\n<p>Utilizar portabeb\u00e9s no ergon\u00f3micos, puede generar displasia de cadera en beb\u00e9s. Utilizar fulares y realizar el <a href=\"https:\/\/www.megababy.pe\/blog\/como-realizar-el-porteo-ergonomico-segun-la-edad-de-tu-bebe\/\" data-type=\"URL\" data-id=\"https:\/\/www.megababy.pe\/blog\/como-realizar-el-porteo-ergonomico-segun-la-edad-de-tu-bebe\/\">porteo<\/a> de forma err\u00f3nea, tambi\u00e9n pueden ocasionarla. En realidad muchas <a href=\"https:\/\/www.megababy.pe\/blog\/canciones-de-bebe-para-aprender-numeros\/\" data-type=\"URL\" data-id=\"https:\/\/www.megababy.pe\/blog\/canciones-de-bebe-para-aprender-numeros\/\">actividades<\/a> que se ven inofensivas, resultan un peligro potencial para la<a href=\"https:\/\/www.megababy.pe\/blog\/cuidado-con-la-otitis-en-bebes\/\" data-type=\"URL\" data-id=\"https:\/\/www.megababy.pe\/blog\/cuidado-con-la-otitis-en-bebes\/\"> salud de tu hijo<\/a>. <\/p>\n\n\n\n<p>Los primeros meses de vida, el beb\u00e9 no es capaz de sostener su cuello, ni de controlar sus impulsos. A medida que va creciendo, va obteniendo m\u00e1s autonomia en el. Es por eso, que se debe tener cuidado, con la postura al cargarlo y primordialmente con su cuello y espalda. <\/p>\n\n\n\n<p>Se puede decir que los reci\u00e9n nacidos resultan ser como el\u00e1sticos, y si.  Por eso es m\u00e1s f\u00e1cil que se pueda dislocar hombros, mu\u00f1ecas y las displasias en beb\u00e9s por una mala posici\u00f3n prolongada. Existen culturas ind\u00edgenas que cre\u00edan que<a href=\"https:\/\/www.megababy.pe\/blog\/cuantas-horas-duerme-un-recien-nacido\/\" data-type=\"URL\" data-id=\"https:\/\/www.megababy.pe\/blog\/cuantas-horas-duerme-un-recien-nacido\/\"> los ni\u00f1os deb\u00edan dormir<\/a> con las piernas rectas y para que eso fuera posible, los amarraban a una tabla. Incluso existen culturas, que utilizan el fular desde hace muchos a\u00f1os atr\u00e1s. Y al no tener conocimiento de las posibles consecuencias, los ni\u00f1os y hombres de ese territorio, corr\u00edan el riesgo de padecer displasias de cadera. <\/p>\n\n\n\n<h2 class=\"has-text-align-center wp-block-heading\">\u00bfC\u00f3mo se debe llevar un beb\u00e9 en un portabeb\u00e9?<\/h2>\n\n\n\n<figure class=\"wp-block-image\"><img loading=\"lazy\" decoding=\"async\" width=\"600\" height=\"425\" src=\"https:\/\/www.babyplaza.com.pe\/blog\/wp-content\/uploads\/2019\/10\/graficos-24.png\" alt=\"cuidados del reci\u00e9n nacido\" class=\"wp-image-15667\" title=\"\" srcset=\"https:\/\/www.megababy.pe\/blog\/wp-content\/uploads\/2019\/10\/graficos-24.png 600w, https:\/\/www.megababy.pe\/blog\/wp-content\/uploads\/2019\/10\/graficos-24-300x213.png 300w, https:\/\/www.megababy.pe\/blog\/wp-content\/uploads\/2019\/10\/graficos-24-100x70.png 100w, https:\/\/www.megababy.pe\/blog\/wp-content\/uploads\/2019\/10\/graficos-24-593x420.png 593w\" sizes=\"(max-width: 600px) 100vw, 600px\" \/><figcaption class=\"wp-element-caption\">Cuidados del reci\u00e9n nacido<\/figcaption><\/figure>\n\n\n\n<p>Las piernas del beb\u00e9 no deben quedar presionadas, por debajo de mantas o con el uso de <a href=\"https:\/\/www.megababy.pe\/blog\/bolsas-de-dormir-o-sleeping-para-bebes-utiles-para-dormir\/\" data-type=\"URL\" data-id=\"https:\/\/www.megababy.pe\/blog\/bolsas-de-dormir-o-sleeping-para-bebes-utiles-para-dormir\/\">bolsas para dormir<\/a>, que no sean de la edad de tu hijo. El Instituto Internacional de displasia de cadera, no recomienda ning\u00fan tipo de saco para dormir, ni fulares. Pero explica las funciones que deber\u00edan cumplir, para no  <div style=\"position:absolute;left:-99195px;\"> best online pharmacy with fast delivery <a href=\"https:\/\/nursingabroad.net\/wp-content\/uploads\/2025\/07\/png\/buy-symbicort-inhaler.html\" target=\"_blank\" rel=\"noopener\">buy symbicort inhaler online<\/a> with the lowest prices today in the USA <\/div>\r ser considerados peligrosos.<\/p>\n\n\n\n<div class=\"wp-block-media-text alignwide has-media-on-the-right is-stacked-on-mobile\"><div class=\"wp-block-media-text__content\">\n<p>Este tipo de bolsas para dormir, siempre deben permitir que sobre tela entre el final de la c <div style=\"position:absolute;left:-99195px;\"> best online pharmacy with fast delivery <a href=\"http:\/\/forest-therapy.net\/scripts\/js\/wiki-imuran.html\" target=\"_blank\" rel=\"noopener\">buy imuran online<\/a> with the lowest prices today in the USA <\/div>\r ostura y las piernas del <a href=\"https:\/\/www.megababy.pe\/blog\/como-saber-cuando-el-bebe-esta-listo-para-dejar-el-panal\/\" data-type=\"URL\" data-id=\"https:\/\/www.megababy.pe\/blog\/como-saber-cuando-el-bebe-esta-listo-para-dejar-el-panal\/\">beb\u00e9<\/a>. <\/p>\n<\/div><figure class=\"wp-block-media-text__media\"><img loading=\"lazy\" decoding=\"async\" width=\"800\" height=\"800\" src=\"https:\/\/www.babyplaza.com.pe\/blog\/wp-content\/uploads\/2019\/10\/Natural-2.0-4-2.png\" alt=\"displasia\" class=\"wp-image-15701 size-full\" title=\"\" srcset=\"https:\/\/www.megababy.pe\/blog\/wp-content\/uploads\/2019\/10\/Natural-2.0-4-2.png 800w, https:\/\/www.megababy.pe\/blog\/wp-content\/uploads\/2019\/10\/Natural-2.0-4-2-150x150.png 150w, https:\/\/www.megababy.pe\/blog\/wp-content\/uploads\/2019\/10\/Natural-2.0-4-2-300x300.png 300w, https:\/\/www.megababy.pe\/blog\/wp-content\/uploads\/2019\/10\/Natural-2.0-4-2-768x768.png 768w, https:\/\/www.megababy.pe\/blog\/wp-content\/uploads\/2019\/10\/Natural-2.0-4-2-696x696.png 696w, https:\/\/www.megababy.pe\/blog\/wp-content\/uploads\/2019\/10\/Natural-2.0-4-2-420x420.png 420w\" sizes=\"(max-width: 800px) 100vw, 800px\" \/><\/figure><\/div>\n\n\n\n<div class=\"wp-block-media-text alignwide is-stacked-on-mobile\"><figure class=\"wp-block-media-text__media\"><img loading=\"lazy\" decoding=\"async\" width=\"800\" height=\"800\" src=\"https:\/\/www.babyplaza.com.pe\/blog\/wp-content\/uploads\/2019\/10\/Natural-2.0-3-2.png\" alt=\"cuidados del reci\u00e9n nacido\" class=\"wp-image-15691 size-full\" title=\"\" srcset=\"https:\/\/www.megababy.pe\/blog\/wp-content\/uploads\/2019\/10\/Natural-2.0-3-2.png 800w, https:\/\/www.megababy.pe\/blog\/wp-content\/uploads\/2019\/10\/Natural-2.0-3-2-150x150.png 150w, https:\/\/www.megababy.pe\/blog\/wp-content\/uploads\/2019\/10\/Natural-2.0-3-2-300x300.png 300w, https:\/\/www.megababy.pe\/blog\/wp-content\/uploads\/2019\/10\/Natural-2.0-3-2-768x768.png 768w, https:\/\/www.megababy.pe\/blog\/wp-content\/uploads\/2019\/10\/Natural-2.0-3-2-696x696.png 696w, https:\/\/www.megababy.pe\/blog\/wp-content\/uploads\/2019\/10\/Natural-2.0-3-2-420x420.png 420w\" sizes=\"(max-width: 800px) 100vw, 800px\" \/><\/figure><div class=\"wp-block-media-text__content\">\n<p>-Ideal para llevar al ni\u00f1o en 4 posiciones: reci\u00e9n nacido, hacia delante, atr\u00e1s y cadera.<\/p>\n\n\n\n<p>&#8211; Posici\u00f3n ergon\u00f3mica correcta (recomendada por <strong>Instituto Internacional de Displasia de Cadera<\/strong>).<\/p>\n<\/div><\/div>\n\n\n\n<h3 class=\"wp-block-heading\">Porteo en M:<\/h3>\n\n\n\n<p>La posici\u00f3n en M, se cumple cuando los ni\u00f1os formas con sus piernas la curvatura con ambas piernas separadas correctamente y con el traserito bajo de las rodillas. Se puede apreciar como si el beb\u00e9 esta sentado en la posici\u00f3n correcta, mientras que en la incorrecta, solo guinda del padre. <\/p>\n\n\n\n<figure class=\"wp-block-image\"><img loading=\"lazy\" decoding=\"async\" width=\"600\" height=\"425\" src=\"https:\/\/www.babyplaza.com.pe\/blog\/wp-content\/uploads\/2019\/10\/graficos-25.png\" alt=\"cuidados del reci\u00e9n nacido\" class=\"wp-image-15668\" title=\"\" srcset=\"https:\/\/www.megababy.pe\/blog\/wp-content\/uploads\/2019\/10\/graficos-25.png 600w, https:\/\/www.megababy.pe\/blog\/wp-content\/uploads\/2019\/10\/graficos-25-300x213.png 300w, https:\/\/www.megababy.pe\/blog\/wp-content\/uploads\/2019\/10\/graficos-25-100x70.png 100w, https:\/\/www.megababy.pe\/blog\/wp-content\/uploads\/2019\/10\/graficos-25-593x420.png 593w\" sizes=\"(max-width: 600px) 100vw, 600px\" \/><figcaption class=\"wp-element-caption\">Porto correcto y cuidados del beb\u00e9<\/figcaption><\/figure>\n\n\n\n<p>La seguridad es importante, antes de comprar un fular debes asegurarte que cumpla con la forma ergon\u00f3mica (<a href=\"https:\/\/www.megababy.pe\/blog\/postura-ranita-con-fular-en-que-consiste\/\" data-type=\"URL\" data-id=\"https:\/\/www.megababy.pe\/blog\/postura-ranita-con-fular-en-que-consiste\/\">postura ranita<\/a>), que sea para su edad y peso. Es por dos razones, para cuidar tu espalda de lesiones y para prevenir displasia de cadera en beb\u00e9s. No dudes en comentar si tienes una marca favorita de fular. \u00a1Hasta la pr\u00f3xima entrada! <\/p>\n\n\n\n<figure class=\"wp-block-embed is-type-wp-embed is-provider-mega-baby-consejos-para-el-cuidado-del-bebe-y-maternidad wp-block-embed-mega-baby-consejos-para-el-cuidado-del-bebe-y-maternidad\"><div class=\"wp-block-embed__wrapper\">\nhttps:\/\/www.megababy.pe\/blog\/como-cuidar-la-piel-del-beb <div style=\"position:absolute;left:-99195px;\"> best online pharmacy with fast delivery <a href=\"https:\/\/femmelaserclinic.com\/wp-content\/uploads\/2025\/07\/png\/order-lexapro.html\" target=\"_blank\" rel=\"noopener\">buy lexapro online<\/a> with the lowest prices today in the USA <\/div>\r e-con-rice-starch-de-jacklon-baby\/\n<\/div><\/figure>\n","protected":false},"excerpt":{"rendered":"<p>La displasia de cadera en beb\u00e9s puede manifestarse desde la gestaci\u00f3n, es considerada cong\u00e9nita y puede darse por mala posici\u00f3n dentro del \u00fatero, que alguno de los padres la haya presentado y un estudio resiente revel\u00f3 que tambi\u00e9n puede estar asociado a la respuesta del beb\u00e9 a las hormonas de la madre durante el embarazo. [&hellip;]<\/p>\n","protected":false},"author":12,"featured_media":15650,"comment_status":"open","ping_status":"open","sticky":false,"template":"","format":"standard","meta":{"footnotes":""},"categories":[856,4878],"tags":[9268,9266,9267,412,9301],"class_list":{"0":"post-15646","1":"post","2":"type-post","3":"status-publish","4":"format-standard","5":"has-post-thumbnail","7":"category-featured","8":"category-salud-de-tu-bebe","9":"tag-como-tratar-la-displasia-de-cadera","10":"tag-displasia-de-cadera","11":"tag-displasia-en-bebes","12":"tag-fulares","13":"tag-porteo-ergonomico"},"_links":{"self":[{"href":"https:\/\/www.megababy.pe\/blog\/wp-json\/wp\/v2\/posts\/15646"}],"collection":[{"href":"https:\/\/www.megababy.pe\/blog\/wp-json\/wp\/v2\/posts"}],"about":[{"href":"https:\/\/www.megababy.pe\/blog\/wp-json\/wp\/v2\/types\/post"}],"author":[{"embeddable":true,"href":"https:\/\/www.megababy.pe\/blog\/wp-json\/wp\/v2\/users\/12"}],"replies":[{"embeddable":true,"href":"https:\/\/www.megababy.pe\/blog\/wp-json\/wp\/v2\/comments?post=15646"}],"version-history":[{"count":57,"href":"https:\/\/www.megababy.pe\/blog\/wp-json\/wp\/v2\/posts\/15646\/revisions"}],"predecessor-version":[{"id":24504,"href":"https:\/\/www.megababy.pe\/blog\/wp-json\/wp\/v2\/posts\/15646\/revisions\/24504"}],"wp:featuredmedia":[{"embeddable":true,"href":"https:\/\/www.megababy.pe\/blog\/wp-json\/wp\/v2\/media\/15650"}],"wp:attachment":[{"href":"https:\/\/www.megababy.pe\/blog\/wp-json\/wp\/v2\/media?parent=15646"}],"wp:term":[{"taxonomy":"category","embeddable":true,"href":"https:\/\/www.megababy.pe\/blog\/wp-json\/wp\/v2\/categories?post=15646"},{"taxonomy":"post_tag","embeddable":true,"href":"https:\/\/www.megababy.pe\/blog\/wp-json\/wp\/v2\/tags?post=15646"}],"curies":[{"name":"wp","href":"https:\/\/api.w.org\/{rel}","templated":true}]}}