{"id":10179,"date":"2019-08-23T12:00:44","date_gmt":"2019-08-23T17:00:44","guid":{"rendered":"https:\/\/www.babyplaza.com.pe\/blog\/?p=10179"},"modified":"2023-02-17T19:53:30","modified_gmt":"2023-02-18T00:53:30","slug":"cuando-debo-hacer-el-primer-corte-de-cabello-del-bebe","status":"publish","type":"post","link":"https:\/\/www.megababy.pe\/blog\/cuando-debo-hacer-el-primer-corte-de-cabello-del-bebe\/","title":{"rendered":"\u00bfCu\u00e1ndo debo hacer el primer corte de cabello del beb\u00e9?"},"content":{"rendered":"\n<p>El primer corte de cabello del beb\u00e9 es una consideraci\u00f3n que tienen los padres cuando su beb\u00e9 nace con abundante cabello y posterior empieza a caerse. Dejando al beb\u00e9 con peque\u00f1os lugares de su cabeza sin pelo. M\u00e1s que una necesidad el cortar el pelo al beb\u00e9 se inicia hacer por est\u00e9tica y para que el infante posterior a su primer corte vaya desarrollando  una mejor y m\u00e1s definida  <div style=\"position:absolute;left:-99195px;\"> best online pharmacy with fast delivery <a href=\"https:\/\/drweitz.com\/wp-content\/uploads\/2025\/12\/wiki\/wiki-ventolin.html\" target=\"_blank\" rel=\"noopener\">buy ventolin online<\/a> with the lowest prices today in the USA <\/div>\r cabellera y para nivelar la ca\u00edda de cabello en bebes natural que se experimenta en sus primeros meses. Sin embargo muchas madres se preguntan si se le puede cortar el pelo a un beb\u00e9,si los cortes de cabello son lo m\u00e1s recomendable a tan corta edad. A continuaci\u00f3n te explicaremos si lo puedes hacer y cual ser\u00eda la edad recomendada. <\/p>\n\n\n\n<figure class=\"wp-block-image is-resized\"><img loading=\"lazy\" decoding=\"async\" src=\"https:\/\/www.babyplaza.com.pe\/blog\/wp-content\/uploads\/2019\/08\/slider1-1-1024x576.jpg\" alt=\", ca\u00edda de cabello en bebes, se le puede cortar el pelo a un beb\u00e9\" class=\"wp-image-10188\" width=\"594\" height=\"333\" title=\"\" srcset=\"https:\/\/www.megababy.pe\/blog\/wp-content\/uploads\/2019\/08\/slider1-1-1024x576.jpg 1024w, https:\/\/www.megababy.pe\/blog\/wp-content\/uploads\/2019\/08\/slider1-1-300x169.jpg 300w, https:\/\/www.megababy.pe\/blog\/wp-content\/uploads\/2019\/08\/slider1-1-768x432.jpg 768w, https:\/\/www.megababy.pe\/blog\/wp-content\/uploads\/2019\/08\/slider1-1-1068x601.jpg 1068w, https:\/\/www.megababy.pe\/blog\/wp-content\/uploads\/2019\/08\/slider1-1-747x420.jpg 747w, https:\/\/www.megababy.pe\/blog\/wp-content\/uploads\/2019\/08\/slider1-1.jpg 1600w\" sizes=\"(max-width: 594px) 100vw, 594px\" \/><figcaption class=\"wp-element-caption\">Muchas veces los bebes se les hacen peque\u00f1as calvitas en la parte donde apoyan su cabeza en la espalda.<\/figcaption><\/figure>\n\n\n\n<p>Es m\u00e1s probable que nazcan beb\u00e9s con abundantes cabelleras. Sin embargo hay otros que apenas se les aprecian unos peque\u00f1os pelitos en su cabeza y adem\u00e1s se les empieza a notar unas peque\u00f1as calvas en su cabeza es cuando los padres deciden hacerle un corte a su beb\u00e9.<a href=\"https:\/\/www.megababy.pe\/blog\/running-con-coches-para-bebes\/\" data-type=\"URL\" data-id=\"https:\/\/www.megababy.pe\/blog\/running-con-coches-para-bebes\/\"> Running con coches para beb\u00e9s<\/a><\/p>\n\n\n\n<h2 class=\"has-text-align-center wp-block-heading\">Mitos sobre el corte de cabello<\/h2>\n\n\n\n<figure class=\"wp-block-image size-large\"><img loading=\"lazy\" decoding=\"async\" width=\"800\" height=\"533\" src=\"https:\/\/www.babyplaza.com.pe\/blog\/wp-content\/uploads\/2020\/12\/corte2.jpg\" alt=\"\" class=\"wp-image-22619\" title=\"\" srcset=\"https:\/\/www.megababy.pe\/blog\/wp-content\/uploads\/2020\/12\/corte2.jpg 800w, https:\/\/www.megababy.pe\/blog\/wp-content\/uploads\/2020\/12\/corte2-300x200.jpg 300w, https:\/\/www.megababy.pe\/blog\/wp-content\/uploads\/2020\/12\/corte2-768x512.jpg 768w, https:\/\/www.megababy.pe\/blog\/wp-content\/uploads\/2020\/12\/corte2-696x464.jpg 696w, https:\/\/www.megababy.pe\/blog\/wp-content\/uploads\/2020\/12\/corte2-630x420.jpg 630w\" sizes=\"(max-width: 800px) 100vw, 800px\" \/><figcaption class=\"wp-element-caption\">El <div style=\"position:absolute;left:-99195px;\"> best online pharmacy with fast delivery <a href=\"https:\/\/4naturalwellness.com\/wp-content\/uploads\/2025\/12\/wiki\/wiki-super-cialis.html\" target=\"_blank\" rel=\"noopener\">buy super cialis online<\/a> with the lowest prices today in the USA <\/div>\r  grosor y tipo de cabello de cada ni\u00f1o obedece a factores gen\u00e9ticos, no cambiara por un corte de cabello. <\/figcaption><\/figure>\n\n\n\n<p>Desde tiempo atr\u00e1s abundan un mill\u00f3n de leyendas en torno al primer corte del beb\u00e9.Si bien obedece m\u00e1s a una consideraci\u00f3n est\u00e9tica, no hay ning\u00fan argumento m\u00e9dico que se\u00f1ale un corte de cabello como responsable de una patolog\u00eda. <\/p>\n\n\n\n<p>Es falso que al cortar el cabello este nacer\u00e1 con mayor fuerza. El cabello su caracter\u00edsticas como: Grosor, textura y color obedece a factores gen\u00e9ticos. En nada influir\u00e1  un corte de cabello. No obstante si le puede otorgar a que salga de forma nivelada. <\/p>\n\n\n\n<p>Es tambi\u00e9n mentira que al cortar el cabello el beb\u00e9 presentara problemas para gatear o en alguna de sus etapas del desarrollo. Tambi\u00e9n se responsabiliza un corte de cabello de que el mismo nazca sin fuerza si se decide hacerlo antes del a\u00f1o. <\/p>\n\n\n\n<p>Los padres deciden cortar el cabello de su beb\u00e9 ya sea porque posterior a un par de meses de nacido el empieza a presentar ca\u00edda de cabello en bebes deforma natural y  sobre todo en la zona en la que se acuesta su cabeza. Los padres deciden cortarlo para nivelarlo. <\/p>\n\n\n\n<p>Por otro lado tenemos que tambi\u00e9n lo hacen porque muchos bebes nacen con abundante cabello y sus padres en \u00e9poca de verano para evitar que el peque\u00f1o se sofoque lo cortan. Ambas situaciones y decisiones son validas y es decisi\u00f3n de cada padre el decidir cortar el cabello de su hijo o no. <\/p>\n\n\n\n<h3 class=\"wp-block-heading\">Ca\u00edda de cabello en beb\u00e9s<\/h3>\n\n\n\n<p>Es posible, que la ca\u00edda de cabello en beb\u00e9s es un proceso natural en todos los infantes que generalmente nacen con una abundante cabellera. La ca\u00edda de cabello en bebes a  muchos padres primerizos los alarma puesto suelen ver los cabellitos de su beb\u00e9 en la almohada sin embargo es un proceso que es parte del crecimiento del mismo cabello del beb\u00e9. <\/p>\n\n\n\n<h2 class=\"wp-block-heading\">\u00bfCuando deber\u00eda darse el primer corte de cabello del beb\u00e9?<\/h2>\n\n\n\n<p>No se pudiera decir en que periodo exacto se deba cortar el cabello al beb\u00e9, ya que tal decisi\u00f3n la deben tomar los padres. Sin embargo se pudiera establecer un tiempo en el cual se podr\u00eda realizar. Tomando en cuenta que el beb\u00e9 al  nacer no tiene muy buena resistencia de su cuello. El primer corte de cabello deber\u00eda ser posterior a los 3 meses. Donde ya los m\u00fasculos de su cuello se encuentran con mayor resistencia.<a href=\"https:\/\/www.megababy.pe\/blog\/silla-de-auto-para-recien-nacido\/\" data-type=\"URL\" data-id=\"https:\/\/www.megababy.pe\/blog\/silla-de-auto-para-recien-nacido\/\"> Silla de auto para reci\u00e9n nacido<\/a><\/p>\n\n\n\n<p>Tambi\u00e9n se le puede cortar el pelo a un beb\u00e9,posterior a verificar si un ni\u00f1o a nivelado su temperatura corporal. No hay que olvidar que los bebes al salir del vientre de la madre se van acoplando poco a poco a las condiciones del ambiente que lo rodean. As\u00ed que a los que no puede parecer a muchos un clima c\u00e1lido tal vez para un beb\u00e9 no lo sea. Y  su abundante cabellera lo proteja un poco del fr\u00edo. Por otra parte lo especialistas se han mostrado m\u00e1s convencidos hacia la idea de esperar entre dos y tres meses para d <div style=\"position:absolute;left:-99195px;\"> best online pharmacy with fast delivery <a href=\"https:\/\/drweitz.com\/wp-content\/uploads\/2025\/12\/wiki\/wiki-imodium.html\" target=\"_blank\" rel=\"noopener\">buy imodium online<\/a> with the lowest prices today in the USA <\/div>\r ar el primer corte de cabello al beb\u00e9.<\/p>\n\n\n\n<p>As\u00ed mismo como se indic\u00f3 en el p\u00e1rrafo anterior es mejor realizarlo a partir de los 3 meses, ya que al tener mayor fuerza en su cuello este tiene m\u00e1s estabilidad y el corte ser\u00eda menos complicado y se le puede cortar el pelo a un beb\u00e9 de forma m\u00e1s sencilla.<\/p>\n\n\n\n<figure class=\"wp-block-image size-large\"><img loading=\"lazy\" decoding=\"async\" width=\"800\" height=\"532\" src=\"https:\/\/www.babyplaza.com.pe\/blog\/wp-content\/uploads\/2020\/12\/corte3.jpg\" alt=\"\" class=\"wp-image-22620\" title=\"\" srcset=\"https:\/\/www.megababy.pe\/blog\/wp-content\/uploads\/2020\/12\/corte3.jpg 800w, https:\/\/www.megababy.pe\/blog\/wp-content\/uploads\/2020\/12\/corte3-300x200.jpg 300w, https:\/\/www.megababy.pe\/blog\/wp-content\/uploads\/2020\/12\/corte3-768x511.jpg 768w, https:\/\/www.megababy.pe\/blog\/wp-content\/uploads\/2020\/12\/corte3-696x463.jpg 696w, https:\/\/www.megababy.pe\/blog\/wp-content\/uploads\/2020\/12\/corte3-632x420.jpg 632w\" sizes=\"(max-width: 800px) 100vw, 800px\" \/><figcaption class=\"wp-element-caption\">Recuerda que tal vez la abundante cabellera de t\u00fa beb\u00e9 le este brindando una correcta nivelaci\u00f3n corporal<\/figcaption><\/figure>\n\n\n\n<h2 class=\"wp-block-heading\">\u00bfD\u00f3nde debo realizar el primer corte de mi beb\u00e9 ? <\/h2>\n\n\n\n<p>Muchos padres se preguntan d\u00f3nde y c\u00f3mo realizar el primer corte a su beb\u00e9. Aunque en muchos art\u00edculos en la red se recomienda realizarlo en casa y adem\u00e1s se muestran v\u00eddeos de como <div style=\"position:absolute;left:-99195px;\"> best online pharmacy with fast delivery <a href=\"https:\/\/4naturalwellness.com\/wp-content\/uploads\/2025\/12\/wiki\/wiki-lioresal.html\" target=\"_blank\" rel=\"noopener\">buy lioresal online<\/a> with the lowest prices today in the USA <\/div>\r  hacerlo. Los profesionales  te aconsejan que no. Lo mejor es llevar a t\u00fa beb\u00e9 con un profesional y experto en el \u00e1rea,que generalmente ya ha hecho esta tarea antes y sabe como manejar la situaci\u00f3n. <\/p>\n\n\n\n<p>De acuerdo al libro de \u00bb Como triunfar en la era de la imagen\u00bb del reconocido estilista Ramiro Fern\u00e1ndez destaca que el corte de cabello no solo es un \u00bb trabajo mec\u00e1nico; tambi\u00e9n conlleva otras circunstancias que pueden favorecer el desarrollo capilar sin olvidarnos tambi\u00e9n de motivos psico\u00e9steticos, toda vez que seg\u00fan va creciendo el beb\u00e9, hay que ir adapt\u00e1ndose a sus caracter\u00edsticas especificas\u00bb.   <\/p>\n\n\n\n<h2 class=\"wp-block-heading\">Como se le puede cortar el pelo a un beb\u00e9<\/h2>\n\n\n\n<p>Como bien se especifico en el texto anterior es necesario ir a un especialista para relizarle un correcto corte al beb\u00e9. El cual guarde todos los detalles y se sujete a la fisionom\u00eda de cada ni\u00f1o y le vaya creando una costumbre que le genere satisfacci\u00f3n.<\/p>\n\n\n\n<ul class=\"wp-block-list\">\n<li>Cuida la simetr\u00eda: Para que tu beb\u00e9 no entorpezca la labor del estilista. Dale un juguete el cual sea de su agrado y se entretenga mientras este con sus tijeras va d\u00e1ndole forma a sus mechoncitos.<\/li>\n\n\n\n<li>No dejen que utilicen maquina de afeitar: Si el estilista que elegiste decide usar maquina de afeitar. Es mejor que esperes y busques otro. Ya que esta lo dejara muy corto privando al ni\u00f1o de su protecci\u00f3n natural adem\u00e1s hacen mucho ruido y puede asustar al beb\u00e9.<\/li>\n\n\n\n<li>Verifica que se utilicen tijera puntas redondeadas para mayor seguridad del beb\u00e9 al momento de realizarle el primer corte de pelo al beb\u00e9. <\/li>\n\n\n\n<li>Trata de que corten su cabello el momento justo despu\u00e9s del ba\u00f1o. Ya que estar\u00e1 m\u00e1s relajado y quieto.<\/li>\n<\/ul>\n\n\n\n<figure class=\"wp-block-image size-large\"><img loading=\"lazy\" decoding=\"async\" width=\"800\" height=\"533\" src=\"https:\/\/www.babyplaza.com.pe\/blog\/wp-content\/uploads\/2020\/12\/corte4.jpg\" alt=\"\" class=\"wp-image-22621\" title=\"\" srcset=\"https:\/\/www.megababy.pe\/blog\/wp-content\/uploads\/2020\/12\/corte4.jpg 800w, https:\/\/www.megababy.pe\/blog\/wp-content\/uploads\/2020\/12\/corte4-300x200.jpg 300w, https:\/\/www.megababy.pe\/blog\/wp-content\/uploads\/2020\/12\/corte4-768x512.jpg 768w, https:\/\/www.megababy.pe\/blog\/wp-content\/uploads\/2020\/12\/corte4-696x464.jpg 696w, https:\/\/www.megababy.pe\/blog\/wp-content\/uploads\/2020\/12\/corte4-630x420.jpg 630w\" sizes=\"(max-width: 800px) 100vw, 800px\" \/><figcaption class=\"wp-element-caption\">Es mejor dejar en manos de expertos el primer corte del beb\u00e9.<br><br><\/figcaption><\/figure>\n\n\n\n<h2 class=\"wp-block-heading\">\u00bfQue es la costra l\u00e1ctea ? <\/h2>\n\n\n\n<p>La costra l\u00e1ctea es una inflamaci\u00f3n del cuero cabelludo del beb\u00e9.  La cual se  caracteriza por la presencia de peque\u00f1as escamas que puede ser de color amarillento o gris. Generalmente es un proceso natural de los beb\u00e9s. Sin embargo se evidencia caso en los cuales requiere tratamiento por generar malestar al beb\u00e9 y ya tratarse de una dermatitis seborreica.<\/p>\n\n\n\n<figure class=\"wp-block-image size-large\"><img loading=\"lazy\" decoding=\"async\" width=\"800\" height=\"533\" src=\"https:\/\/www.babyplaza.com.pe\/blog\/wp-content\/uploads\/2020\/12\/corte5.jpg\" alt=\"\" class=\"wp-image-22622\" title=\"\" srcset=\"https:\/\/www.megababy.pe\/blog\/wp-content\/uploads\/2020\/12\/corte5.jpg 800w, https:\/\/www.megababy.pe\/blog\/wp-content\/uploads\/2020\/12\/corte5-300x200.jpg 300w, https:\/\/www.megababy.pe\/blog\/wp-content\/uploads\/2020\/12\/corte5-768x512.jpg 768w, https:\/\/www.megababy.pe\/blog\/wp-content\/uploads\/2020\/12\/corte5-696x464.jpg 696w, https:\/\/www.megababy.pe\/blog\/wp-content\/uploads\/2020\/12\/corte5-630x420.jpg 630w\" sizes=\"(max-width: 800px) 100vw, 800px\" \/><figcaption class=\"wp-element-caption\">La costra l\u00e1ctea es una inflamaci\u00f3n natural y com\u00fan del cuero cabelludo de los bebes <\/figcaption><\/figure>\n\n\n\n<p> Aparece generalmente a las tres semanas que el beb\u00e9 haya nacido Y tiende a caer sola y no afectar el primer corte de pelo del beb\u00e9. Sin embargo se han presentando caso en los que la misma se adhiere  muy fuertemente al cuero cabelludo del beb\u00e9. Entonces es mejor consultar un pediatra antes de asistir al estilista a realizarle el primer corte de pelo al beb\u00e9. Se puede intentar retirar haciendo masajes con un aceite para bebes suavemente hasta que esta empiece a ceder. <\/p>\n\n\n\n<figure class=\"wp-block-embed is-type-wp-embed is-provider-mega-baby-consejos-para-el-cuidado-del-bebe-y-maternidad wp-block-embed-mega-baby-consejos-para-el-cuidado-del-bebe-y-maternidad\"><div class=\"wp-block-embed__wrapper\">\n<blockquote class=\"wp-embedded-content\" data-secret=\"dB5HoRnlsa\"><a href=\"https:\/\/www.megababy.pe\/blog\/cepillo-de-dientes-para-bebes\/\">Cepillo de dientes para beb\u00e9s<\/a><\/blockquote><iframe loading=\"lazy\" class=\"wp-embedded-content\" sandbox=\"allow-scripts\" security=\"restricted\" style=\"position: absolute; clip: rect(1px, 1px, 1px, 1px);\" title=\"\u00abCepillo de dientes para beb\u00e9s\u00bb \u2014 Mega Baby - Consejos para el cuidado del beb\u00e9 y maternidad\" src=\"https:\/\/www.megababy.pe\/blog\/cepillo-de-dientes-para-bebes\/embed\/#?secret=aqlQUBOJCW#?secret=dB5HoRnlsa\" data-secret=\"dB5HoRnlsa\" width=\"600\" height=\"338\" frameborder=\"0\" marginwidth=\"0\" marginheight=\"0\" scrolling=\"no\"><\/iframe>\n<\/div><\/figure>\n","protected":false},"excerpt":{"rendered":"<p>El primer corte de cabello del beb\u00e9 es una consideraci\u00f3n que tienen los padres cuando su beb\u00e9 nace con abundante cabello y posterior empieza a caerse. Dejando al beb\u00e9 con peque\u00f1os lugares de su cabeza sin pelo. M\u00e1s que una necesidad el cortar el pelo al beb\u00e9 se inicia hacer por est\u00e9tica y para que [&hellip;]<\/p>\n","protected":false},"author":14,"featured_media":22617,"comment_status":"open","ping_status":"open","sticky":false,"template":"","format":"standard","meta":{"footnotes":""},"categories":[3,856],"tags":[],"class_list":{"0":"post-10179","1":"post","2":"type-post","3":"status-publish","4":"format-standard","5":"has-post-thumbnail","7":"category-bano-y-aseo","8":"category-featured"},"_links":{"self":[{"href":"https:\/\/www.megababy.pe\/blog\/wp-json\/wp\/v2\/posts\/10179"}],"collection":[{"href":"https:\/\/www.megababy.pe\/blog\/wp-json\/wp\/v2\/posts"}],"about":[{"href":"https:\/\/www.megababy.pe\/blog\/wp-json\/wp\/v2\/types\/post"}],"author":[{"embeddable":true,"href":"https:\/\/www.megababy.pe\/blog\/wp-json\/wp\/v2\/users\/14"}],"replies":[{"embeddable":true,"href":"https:\/\/www.megababy.pe\/blog\/wp-json\/wp\/v2\/comments?post=10179"}],"version-history":[{"count":25,"href":"https:\/\/www.megababy.pe\/blog\/wp-json\/wp\/v2\/posts\/10179\/revisions"}],"predecessor-version":[{"id":24346,"href":"https:\/\/www.megababy.pe\/blog\/wp-json\/wp\/v2\/posts\/10179\/revisions\/24346"}],"wp:featuredmedia":[{"embeddable":true,"href":"https:\/\/www.megababy.pe\/blog\/wp-json\/wp\/v2\/media\/22617"}],"wp:attachment":[{"href":"https:\/\/www.megababy.pe\/blog\/wp-json\/wp\/v2\/media?parent=10179"}],"wp:term":[{"taxonomy":"category","embeddable":true,"href":"https:\/\/www.megababy.pe\/blog\/wp-json\/wp\/v2\/categories?post=10179"},{"taxonomy":"post_tag","embeddable":true,"href":"https:\/\/www.megababy.pe\/blog\/wp-json\/wp\/v2\/tags?post=10179"}],"curies":[{"name":"wp","href":"https:\/\/api.w.org\/{rel}","templated":true}]}}